{"id":105,"date":"2020-09-30T19:58:29","date_gmt":"2020-09-30T19:58:29","guid":{"rendered":"https:\/\/msanchezrip.folio.uoc.edu\/?p=105"},"modified":"2020-09-30T20:53:34","modified_gmt":"2020-09-30T20:53:34","slug":"el-mercado-del-diseno","status":"publish","type":"post","link":"https:\/\/msanchezrip.folio.uoc.edu\/?p=105","title":{"rendered":"EL MERCADO DEL DISE\u00d1O"},"content":{"rendered":"<div class=\"uoc_portafolis_tools row_uoc_portafolis_tools\"><div class=\"external_post column-uoc_portafolis_tools\"><span class=\"external_post_title\"><img src=\"https:\/\/msanchezrip.folio.uoc.edu\/wp-content\/plugins\/portafolis-create-site\/img\/classroom.png\" alt=\"Asignatura\"\/><\/span> <a href=\"https:\/\/201-20-120-01.folio.uoc.edu\">Proyecto IV. Portfolio<\/a><\/div>    <div class=\"column-uoc_portafolis_tools\">        <div class=\"subtitle_portafolis_uoc_access_in_content\"><span class=\"subtitle_portafolis_uoc_access_title\"> <img src=\"https:\/\/msanchezrip.folio.uoc.edu\/wp-content\/plugins\/portafolis-uoc-access\/img\/visibility.png\" title=\"Visibilidad:\"><\/span> <!--img src=\"https:\/\/msanchezrip.folio.uoc.edu\/wp-content\/plugins\/portafolis-uoc-access\/img\/world.png\" title=\"Todo el mundo podr\u00e1 ver esta entrada, forme parte o no de la UOC.\"--> P\u00fablica        <\/div>    <\/div><div class=\"uoc_portafolis_clear\"><\/div><\/div><h1 class=\"p1\"><span class=\"s1\" style=\"color: #ff0000\"><b>CLICK NARANJA\u00a0<\/b><\/span><\/h1>\n<p class=\"p1\"><span class=\"s1\"><b>B2B \u00a0<\/b><\/span><\/p>\n<p class=\"p3\"><span class=\"s1\">Business to business dedicada a la venta de servicios con especializaci\u00f3n en la creaci\u00f3n y desarrollo de productos digitales, la comunicaci\u00f3n en el mundo digital, marketing y publicidad. Conjuga dise\u00f1o y desarrollo de producto tecnol\u00f3gico en Espa\u00f1a.<\/span><\/p>\n<p class=\"p1\"><span class=\"s1\"><b>P\u00daBLICO OBJETIVO Y NECESIDADES QUE CUBREN<\/b><\/span><\/p>\n<p class=\"p3\"><span class=\"s1\">P\u00fablico Objetivo:<\/span><\/p>\n<p class=\"p3\"><span class=\"s1\">Con un target enfocado a empresas profesionales abarcan sectores diversificados tanto de car\u00e1cter p\u00fablico como privado (cultural, editorial, textil, de servicios, etc.) que engloban en su conjunto cualquier tipo de consumidor.<\/span><\/p>\n<p class=\"p3\"><span class=\"s1\">Necesidades:<\/span><\/p>\n<p class=\"p3\"><span class=\"s1\">Especialistas en social media, marketing digital, email y mobile marketing, en HTML5, desarrollo de web y app.<\/span><\/p>\n<p class=\"p3\"><span class=\"s1\">Creaci\u00f3n de imagen de marca corporativa con personalidad propia y c\u00f3digo visual.<\/span><\/p>\n<p class=\"p3\"><span class=\"s1\">Publicidad de impacto y posicionamiento.<\/span><\/p>\n<p class=\"p1\"><span class=\"s1\"><b>MENSAJE CENTRAL DE COMUNICACI\u00d3N\u00a0<\/b><\/span><\/p>\n<p class=\"p3\"><span class=\"s1\">Creatividad y dise\u00f1o.<\/span><\/p>\n<p class=\"p1\"><span class=\"s1\"><b>ESTRUCTURA DE COMUNICACI\u00d3N \u00a0<\/b><\/span><\/p>\n<p class=\"p3\"><span class=\"s1\">Dentro de una empresa B2B la estructura de comunicaci\u00f3n ha de ser uno de los pilares que la sustente al formar parte del propio producto y\/o servicio que est\u00e1 ofreciendo a sus clientes potenciales. <\/span><\/p>\n<p class=\"p3\"><span class=\"s1\">Clicknaranja, denota una estructura formal bien enfocada a sus objetivos.<\/span><\/p>\n<p class=\"p1\"><span class=\"s1\"><b>PROPUESTA DE VALOR\u00a0<\/b><\/span><\/p>\n<p class=\"p3\"><span class=\"s1\">Han definido su diferenciaci\u00f3n con la competencia a trav\u00e9s de una imagen de empresa que se autodefine como \u201cdivertida, ca\u00f3tica, peculiar, diferente, ocurrente, desconcertante, graciosa, graciosilla y, sobre todo, creativa\u201d.<\/span><\/p>\n<p class=\"p1\"><span class=\"s1\"><b>ELEMENTOS QUE TRANSMITEN CONFIANZA <\/b><\/span><\/p>\n<p class=\"p3\"><span class=\"s1\">\u00b7 Dise\u00f1o desenfadado pero profesional en su ecosistema de comunicaci\u00f3n digital que consigue plasmar su propuesta de valor y la calidad y potencial de sus trabajos.<\/span><\/p>\n<p class=\"p3\"><span class=\"s1\">\u00b7 La paleta de colores de su marca corporativa: naranja, negro y beis, transmiten juventud, frescura, innovaci\u00f3n, profesionalidad, seriedad, responsabilidad y tranquilidad.<\/span><\/p>\n<p class=\"p3\"><span class=\"s1\">\u00b7 La cartera de clientes en su haber como Ikea, Facebook, L\u2019Or\u00e9al, Inditex, El Mundo, Nintendo, 20th Century Fox, Teatro Real, Givenchy, Universal Pictures, Santillana, chicco, Amazon buy vip, Atari, DGT, Telva, Loewe, Cadena Ser, Marca, etc.<\/span><\/p>\n<p class=\"p3\"><span class=\"s1\">\u00b7 Mostrar su portfolio de trabajos como carta de presentaci\u00f3n de su empresa.<\/span><\/p>\n<p class=\"p1\"><span class=\"s1\"><b>ECOSISTEMA DE COMUNICACI\u00d3N<\/b><\/span><\/p>\n<p class=\"p3\"><span class=\"s1\">Web: <a href=\"http:\/\/www.clicknaranja.com\"><span class=\"s2\">www.clicknaranja.com<\/span><\/a><\/span><\/p>\n<p class=\"p3\"><span class=\"s1\">Sencilla y concisa, basada en directorio de clientes, exposici\u00f3n de trabajos y texto m\u00ednimo.<\/span><\/p>\n<p class=\"p3\"><span class=\"s1\">Social Media: <\/span><\/p>\n<p class=\"p3\"><span class=\"s3\"><a href=\"https:\/\/www.facebook.com\/clicknaranja\">https:\/\/www.facebook.com\/clicknaranja<\/a><\/span><\/p>\n<p class=\"p3\"><span class=\"s3\"><a href=\"https:\/\/www.instagram.com\/clicnaranja\/\">https:\/\/www.instagram.com\/clicnaranja\/<\/a><\/span><\/p>\n<p class=\"p3\"><span class=\"s3\"><a href=\"https:\/\/twitter.com\/clicknaranja?lang=es\">https:\/\/twitter.com\/clicknaranja?lang=es<\/a><\/span><\/p>\n<p class=\"p3\"><span class=\"s3\"><a href=\"https:\/\/www.pinterest.es\/clicknaranja\/_saved\/\">https:\/\/www.pinterest.es\/clicknaranja\/_saved\/<\/a><\/span><\/p>\n<p class=\"p3\"><span class=\"s3\"><a href=\"https:\/\/www.linkedin.com\/company\/clicknaranja\/about\/\">https:\/\/www.linkedin.com\/company\/clicknaranja\/about\/<\/a><\/span><\/p>\n<p class=\"p3\"><span class=\"s1\">Su ecosistema en social media tiene muy baja o nula actividad y seguidores.<\/span><\/p>\n<p class=\"p1\"><span class=\"s1\"><b>CONCLUSI\u00d3N<\/b><\/span><\/p>\n<p class=\"p3\"><span class=\"s1\">Una empresa que ha pensado en un enfoque original que aporte innovaci\u00f3n a un mundo d\u00f3nde parece que nada m\u00e1s puede ser inventado y, sobre todo, que no es un clich\u00e9, su producto detr\u00e1s avala el atrevimiento y descaro con el que se presentan a sus potenciales clientes.<\/span><\/p>\n<h1 class=\"p1\"><span class=\"s1\" style=\"color: #ff0000\"><b>LAS CLAVES DE SOL\u00a0<\/b><\/span><\/h1>\n<p class=\"p1\"><span class=\"s1\"><b>B2C \u00a0<\/b><\/span><\/p>\n<p class=\"p3\"><span class=\"s1\">Business to Consumer, dedicada a la venta de servicios con especializaci\u00f3n en talleres, coaching, creaci\u00f3n de marcas personales, talleres de escritura, venta de libros propios y merchandising. Fusiona la venta de sus libros y servicios con el dise\u00f1o y marketing con sede en Espa\u00f1a.<\/span><\/p>\n<p class=\"p1\"><span class=\"s1\"><b>P\u00daBLICO OBJETIVO Y NECESIDADES QUE CUBREN<\/b><\/span><\/p>\n<p class=\"p3\"><span class=\"s1\">P\u00fablico Objetivo:<\/span><\/p>\n<p class=\"p3\"><span class=\"s1\">Con un target enfocado al genero femenino, de 25 a 55 a\u00f1os, nivel socio-cultural medio alto y alto.<\/span><\/p>\n<p class=\"p3\"><span class=\"s1\">Necesidades:<\/span><\/p>\n<p class=\"p3\"><span class=\"s1\">Identificaci\u00f3n emocional del cliente con la esencia de la empresa.<\/span><\/p>\n<p class=\"p3\"><span class=\"s1\">Satisfacci\u00f3n interior del cliente ante la vida al facilitar herramientas para ser qui\u00e9n quieres ser o eres.<\/span><\/p>\n<p class=\"p3\"><span class=\"s1\">Enfatizar los principios o creencias del cliente frente a la sociedad.<\/span><\/p>\n<p class=\"p3\"><span class=\"s1\">El placer de la lectura.<\/span><\/p>\n<p class=\"p1\"><span class=\"s1\"><b>MENSAJE CENTRAL DE COMUNICACI\u00d3N\u00a0<\/b><\/span><\/p>\n<p class=\"p3\"><span class=\"s1\">Libertad y vida para las mujeres que deben rebelarse y vivir sin tapujos ni c\u00e1nones sociales impuestos.<\/span><\/p>\n<p class=\"p1\"><span class=\"s1\"><b>ESTRUCTURA DE COMUNICACI\u00d3N \u00a0<\/b><\/span><\/p>\n<p class=\"p3\"><span class=\"s1\">Dentro de una empresa B2C la estructura de comunicaci\u00f3n ha de ser uno de los pilares que la sustente para captar y fidelidad clientes, crear engagement y generar conversi\u00f3n a les y ventas. Las Claves de Sol est\u00e1 enfocada a sus objetivos utilizando el marketing, e-commerce y otros canales a su alcance.<\/span><\/p>\n<p class=\"p1\"><span class=\"s1\"><b>PROPUESTA DE VALOR\u00a0<\/b><\/span><\/p>\n<p class=\"p3\"><span class=\"s1\">Han definido su diferenciaci\u00f3n con la competencia a trav\u00e9s de una imagen de empresa reivindicativa, con aportaci\u00f3n de contenidos de valor, un blog muy atrayente y enfocado a sacar la mujer acallada que puede estar en el interior de cada una. Vende una visi\u00f3n de la vida deseada y desde un prisma que la hace real y alcanzable.<\/span><\/p>\n<p class=\"p1\"><span class=\"s1\"><b>ELEMENTOS QUE TRANSMITEN CONFIANZA <\/b><\/span><\/p>\n<p class=\"p3\"><span class=\"s1\">\u00b7 Dise\u00f1o fresco y profesional en su ecosistema de comunicaci\u00f3n digital que consigue plasmar su propuesta de valor y la calidad y potencial de sus trabajos.<\/span><\/p>\n<p class=\"p3\"><span class=\"s1\">\u00b7 La paleta de colores de su marca corporativa: blanco, rojo y negro, transmiten pasi\u00f3n, fuerza, poder, frescura, innovaci\u00f3n, profesionalidad, seriedad y responsabilidad.<\/span><\/p>\n<p class=\"p3\"><span class=\"s1\">\u00b7 Mostrar su estilo de escritura a trav\u00e9s de un cuidado blog y art\u00edculos en prensa.<\/span><\/p>\n<p class=\"p1\"><span class=\"s1\"><b>ECOSISTEMA DE COMUNICACI\u00d3N<\/b><\/span><\/p>\n<p class=\"p3\"><span class=\"s1\">Web: <a href=\"http:\/\/www.lasclavesdesol.com\"><span class=\"s2\">www.lasclavesdesol.com<\/span><\/a> <\/span><\/p>\n<p class=\"p3\"><span class=\"s1\">Es limpia y fresca, original y emocional. Una parte est\u00e1 enfocada a los servicios y productos que ofrece y otra, el blog, a mostrar el poder y derecho de la mujer a mostrarse tal cual es. Un blog que conforma una de las v\u00e9rtebras principales de su ecosistema de comunicaci\u00f3n.<\/span><\/p>\n<p class=\"p3\"><span class=\"s3\"><a href=\"https:\/\/www.lasclavesdesol.com\/tienda\/\">https:\/\/www.lasclavesdesol.com\/tienda\/<\/a><\/span><\/p>\n<p class=\"p3\"><span class=\"s1\">Cuenta con una p\u00e1gina destinada a venta de productos y servicios online.<\/span><\/p>\n<p class=\"p3\"><span class=\"s1\">Social Media: <\/span><\/p>\n<p class=\"p3\"><span class=\"s3\"><a href=\"https:\/\/www.facebook.com\/lasclavesdesol\">https:\/\/www.facebook.com\/lasclavesdesol<\/a><\/span><\/p>\n<p class=\"p3\"><span class=\"s3\"><a href=\"https:\/\/www.instagram.com\/lasclavesdesol\/\">https:\/\/www.instagram.com\/lasclavesdesol\/<\/a><\/span><\/p>\n<p class=\"p3\"><span class=\"s3\"><a href=\"https:\/\/twitter.com\/lasclavesdesol\">https:\/\/twitter.com\/lasclavesdesol<\/a><\/span><\/p>\n<p class=\"p3\"><span class=\"s1\">Su ecosistema en social media tiene una actividad alta y seguidores crecientes.<\/span><\/p>\n<p class=\"p3\"><span class=\"s1\">Escribe art\u00edculos en el peri\u00f3dico El Espa\u00f1ol (<a href=\"http:\/\/www.xn--elespaoldigital-3qb.com\"><span class=\"s2\">www.elespa\u00f1oldigital.com<\/span><\/a>) <\/span><\/p>\n<p class=\"p1\"><span class=\"s1\"><b>CONCLUSI\u00d3N<\/b><\/span><\/p>\n<p class=\"p3\"><span class=\"s1\">Una empresa planteada para dar al mundo de las mujeres armas para gritar al mundo qui\u00e9nes son. Una combinaci\u00f3n de cubrir necesidades emocionales con principios \u00e9ticos y libertades que conforma un c\u00f3ctel dif\u00edcil de no seguir.<\/span><\/p>\n<div class=\"uoc_portafolis_tools row_uoc_portafolis_tools uoc_portafolis_tools_foot\"> <a href=\"https:\/\/msanchezrip.folio.uoc.edu\/?actiuoc=activity-754258-1108309\" class=\"actiUOCFront\">El mercado del dise\u00f1o<\/a><\/div>","protected":false},"excerpt":{"rendered":"<div class=\"uoc_portafolis_tools row_uoc_portafolis_tools\">\n<div class=\"external_post column-uoc_portafolis_tools\"><span class=\"external_post_title\"><\/span> Proyecto IV. Portfolio<\/div>\n<div class=\"column-uoc_portafolis_tools\">\n<div class=\"subtitle_portafolis_uoc_access_in_content\"><span class=\"subtitle_portafolis_uoc_access_title\"> <\/span>  P\u00fablica        <\/div>\n<\/p><\/div>\n<div class=\"uoc_portafolis_clear\"><\/div>\n<\/div>\n<p><span class=\"s1\" style=\"color: #ff0000\">CLICK NARANJA\u00a0<\/span><br \/>\n<span class=\"s1\">B2B \u00a0<\/span><br \/>\n<span class=\"s1\">Business to business dedicada a la venta de servicios con especializaci\u00f3n en la creaci\u00f3n y desarrollo de productos digitales, la comunicaci\u00f3n en el mundo digital, marketing y publicidad. Conjuga dise\u00f1o y desarrollo de producto tecnol\u00f3gico en Espa\u00f1a.<\/span><br \/>\n<span class=\"s1\">P\u00daBLICO OBJETIVO Y NECESIDADES QUE CUBREN<\/span><br \/>\n<span class=\"s1\">P\u00fablico Objetivo:<\/span><br \/>\n<span class=\"s1\">Con un target enfocado a empresas profesionales abarcan sectores diversificados tanto de car\u00e1cter p\u00fablico como privado (cultural,<\/span> &hellip; <\/p>\n<p class=\"link-more\"><a href=\"https:\/\/msanchezrip.folio.uoc.edu\/?p=105\" class=\"more-link\">Continuar leyendo<span class=\"screen-reader-text\"> \u00abEL MERCADO DEL DISE\u00d1O\u00bb<\/span><\/a><\/p>\n","protected":false},"author":463,"featured_media":0,"comment_status":"open","ping_status":"open","sticky":false,"template":"","format":"standard","meta":{"inline_featured_image":false,"footnotes":""},"categories":[1],"tags":[],"actiuoc":[70],"class_list":["post-105","post","type-post","status-publish","format-standard","hentry","category-uncategorized","actiuoc-activity-754258-1108309"],"_links":{"self":[{"href":"https:\/\/msanchezrip.folio.uoc.edu\/index.php?rest_route=\/wp\/v2\/posts\/105","targetHints":{"allow":["GET"]}}],"collection":[{"href":"https:\/\/msanchezrip.folio.uoc.edu\/index.php?rest_route=\/wp\/v2\/posts"}],"about":[{"href":"https:\/\/msanchezrip.folio.uoc.edu\/index.php?rest_route=\/wp\/v2\/types\/post"}],"author":[{"embeddable":true,"href":"https:\/\/msanchezrip.folio.uoc.edu\/index.php?rest_route=\/wp\/v2\/users\/463"}],"replies":[{"embeddable":true,"href":"https:\/\/msanchezrip.folio.uoc.edu\/index.php?rest_route=%2Fwp%2Fv2%2Fcomments&post=105"}],"version-history":[{"count":0,"href":"https:\/\/msanchezrip.folio.uoc.edu\/index.php?rest_route=\/wp\/v2\/posts\/105\/revisions"}],"wp:attachment":[{"href":"https:\/\/msanchezrip.folio.uoc.edu\/index.php?rest_route=%2Fwp%2Fv2%2Fmedia&parent=105"}],"wp:term":[{"taxonomy":"category","embeddable":true,"href":"https:\/\/msanchezrip.folio.uoc.edu\/index.php?rest_route=%2Fwp%2Fv2%2Fcategories&post=105"},{"taxonomy":"post_tag","embeddable":true,"href":"https:\/\/msanchezrip.folio.uoc.edu\/index.php?rest_route=%2Fwp%2Fv2%2Ftags&post=105"},{"taxonomy":"actiuoc","embeddable":true,"href":"https:\/\/msanchezrip.folio.uoc.edu\/index.php?rest_route=%2Fwp%2Fv2%2Factiuoc&post=105"}],"curies":[{"name":"wp","href":"https:\/\/api.w.org\/{rel}","templated":true}]}}